{"id":402,"date":"2018-03-29T11:30:02","date_gmt":"2018-03-29T09:30:02","guid":{"rendered":"http:\/\/www.humansofparcoappennino.it\/?p=402"},"modified":"2018-05-08T09:17:53","modified_gmt":"2018-05-08T07:17:53","slug":"from-a-dish-of-spaghetti-michael-martino","status":"publish","type":"post","link":"https:\/\/www.humansofparcoappennino.it\/en\/2018\/03\/from-a-dish-of-spaghetti-michael-martino\/","title":{"rendered":"FROM A DISH OF SPAGHETTI &#8211; Michael Martino"},"content":{"rendered":"<p><strong><a href=\"https:\/\/www.google.com\/maps\/d\/viewer?mid=1TlzK4rgfX8xfYoiG1UmylE9U8kHBKJKf&amp;hl=it&amp;usp=sharing\">Boston &#8211; Ramiseto, Ventasso<\/a><\/strong><\/p>\n<blockquote>\n<p align=\"justify\"><span lang=\"en-US\">An American in love with Italy. He recounts with shining eyes.<\/span><\/p>\n<\/blockquote>\n<p align=\"justify\"><span lang=\"en-US\">In a certain way this story starts with a dish of spaghetti. My father was a United States soldier, of Italian origins, who decided to join the army during WWII to demonstrate his strong attachment to the United States. After fighting for 5 long months in Guadalcanal in 1942, he was displaced in Melbourne. He dialed the first Italian name in the telephone book in order to ask for a plate full of spaghetti. The Santospirito family hosted him, where Maria, an 18 year old babysitter, worked. That night he brought Maria to dance and in July of \u201943 they got married. The young bride\u2019s mother was a Bronzoni from Ramiseto, her father a Leoncelli from Busana. He had escaped the Fascist repression fleeing to Melbourne where the rest of his family eventually joint him.<\/span><\/p>\n<p align=\"justify\"><span lang=\"en-US\">At the end of the war he returned to the United States, while my mother was able to rejoin him in \u201946, disembarking in San Francisco and taking a train to Boston. My mother loved telling that there were 500 women on the train, all soldier wives reuniting with their husbands. <\/span><\/p>\n<p align=\"justify\"><span lang=\"en-US\">I discovered Italy in 1971. I didn\u2019t want to go to college after High School: the Vietnam war was going on, military service was still compulsory and I didn\u2019t wish to enroll. So I decided to leave before the call, joining a friend of my mother\u2019s who lived in Segrate, Milan. Mrs Grasselli and my mom had been college mates and had kept contact. I still remember the boxes my mom used to send over, full of clothes we didn-t need anymore. I started working for an important artistic glassmaker.<\/span><\/p>\n<p align=\"justify\"><a name=\"_GoBack\"><\/a> <span lang=\"en-US\">In 1974, during one of the typical family encounters with my relatives, I had a severe accident on the road between Busana and Ligonchio. I=\u2019ve spent a lot of time in hospital in Castelnovo and Parma, I was afraid I could die and this arroused in me a crisis I can define \u201cspiritual\u201d.<\/span><\/p>\n<p align=\"justify\"><i><span lang=\"en-US\">Sono tornato negli USA, dove mi sono sposato con una ragazza di origini italiane nel \u201875, ma ho sempre mantenuto un forte legame con l\u2019Appennino. <\/span><\/i><\/p>\n<p align=\"justify\"><i><span lang=\"en-US\">Nell\u201988 sono riuscito a tornare vendendo lampadari in Italia; questa attivit\u00e0 mi ha permesso di viaggiare tra USA e Italia. Durante una di queste trasferte, mio cugino Domenico mi ha fatto vedere la Chiesa di Nismozza che don Mario stava restaurando ed ho dato la disponibilit\u00e0 per rifare le vetrate. Poi mia mamma mi ha chiesto di preparare le vetrate della Chiesa di Ramiseto e Busana, luoghi di origine dei nonni. Ho proseguito con Cecciola, Nigone e Camporella. <\/span><\/i><\/p>\n<p align=\"justify\"><i><span lang=\"en-US\">Per me \u00e8 importante questo lavoro, non lo faccio per soldi ma per un impegno personale, perch\u00e9 ho recuperato quella dimensione spirituale che l\u2019incidente stradale aveva toccato. Grazie a mia moglie mi sono avvicinato a Ges\u00f9, lei mi ha fatto leggere la Bibbia in modo diverso. Ho capito che la vita eterna \u00e8 un dono ed \u00e8 gi\u00e0 cominciata, basta credere in Ges\u00f9 per capirla, non si pu\u00f2 comprare con delle opere, ma va solo apprezzata. Ho accettato la mia vita vivendola come un ringraziamento. Per questo con le mie opere nelle Chiese dell\u2019Appennino, voglio ringraziare Ges\u00f9. Lo voglio fare dove mi sento a casa e dove sono sempre stato accolto come uno di famiglia.<\/span><\/i><\/p>\n","protected":false},"excerpt":{"rendered":"<p>Boston &#8211; Ramiseto, Ventasso An American in love with Italy. He recounts with shining eyes. In a certain way this story starts with a dish of<span class=\"excerpt-hellip\"> [\u2026]<\/span><\/p>\n","protected":false},"author":3,"featured_media":257,"comment_status":"closed","ping_status":"open","sticky":false,"template":"","format":"standard","meta":[],"categories":[106,108],"tags":[136,132,135,134,61,133],"_links":{"self":[{"href":"https:\/\/www.humansofparcoappennino.it\/en\/wp-json\/wp\/v2\/posts\/402"}],"collection":[{"href":"https:\/\/www.humansofparcoappennino.it\/en\/wp-json\/wp\/v2\/posts"}],"about":[{"href":"https:\/\/www.humansofparcoappennino.it\/en\/wp-json\/wp\/v2\/types\/post"}],"author":[{"embeddable":true,"href":"https:\/\/www.humansofparcoappennino.it\/en\/wp-json\/wp\/v2\/users\/3"}],"replies":[{"embeddable":true,"href":"https:\/\/www.humansofparcoappennino.it\/en\/wp-json\/wp\/v2\/comments?post=402"}],"version-history":[{"count":3,"href":"https:\/\/www.humansofparcoappennino.it\/en\/wp-json\/wp\/v2\/posts\/402\/revisions"}],"predecessor-version":[{"id":408,"href":"https:\/\/www.humansofparcoappennino.it\/en\/wp-json\/wp\/v2\/posts\/402\/revisions\/408"}],"wp:featuredmedia":[{"embeddable":true,"href":"https:\/\/www.humansofparcoappennino.it\/en\/wp-json\/wp\/v2\/media\/257"}],"wp:attachment":[{"href":"https:\/\/www.humansofparcoappennino.it\/en\/wp-json\/wp\/v2\/media?parent=402"}],"wp:term":[{"taxonomy":"category","embeddable":true,"href":"https:\/\/www.humansofparcoappennino.it\/en\/wp-json\/wp\/v2\/categories?post=402"},{"taxonomy":"post_tag","embeddable":true,"href":"https:\/\/www.humansofparcoappennino.it\/en\/wp-json\/wp\/v2\/tags?post=402"}],"curies":[{"name":"wp","href":"https:\/\/api.w.org\/{rel}","templated":true}]}}